[{"@context":"https:\/\/schema.org\/","@type":"Article","@id":"https:\/\/www.my4.cz\/sikovny-remeslnik\/#Article","mainEntityOfPage":"https:\/\/www.my4.cz\/sikovny-remeslnik\/","headline":"\u0160ikovn\u00fd \u0159emesln\u00edk","name":"\u0160ikovn\u00fd \u0159emesln\u00edk","description":"M\u00e1te r\u00e1di, kdy\u017e n\u011bkdo ud\u011bl\u00e1 n\u011bco za v\u00e1s? Asi hloup\u00e1 ot\u00e1zka, kdo by to nem\u011bl r\u00e1d? A je jedno, jestli se to t\u00fdk\u00e1 dom\u00e1c\u00edch prac\u00ed nebo n\u011bjak\u00e9 \u010dist\u011b pracovn\u00ed z\u00e1le\u017eitosti. S oblibou \u0159\u00edk\u00e1m, \u017ee sn\u00edm jak\u00e9koliv j\u00eddlo, pokud ho p\u0159iprav\u00ed n\u011bkdo jin\u00fd. Nejsem feministka, ale opravdu si mysl\u00edm, \u017ee \u017eeny jsou od p\u0159\u00edrody z\u0159ejm\u011b nastaveny &hellip; ","datePublished":"2022-04-03","dateModified":"2023-05-01","author":{"@type":"Person","@id":"https:\/\/www.my4.cz\/author\/#Person","name":"","url":"https:\/\/www.my4.cz\/author\/","identifier":1,"image":{"@type":"ImageObject","@id":"https:\/\/secure.gravatar.com\/avatar\/4e6a74466e4227c12d5306875d08720cdfce3572213740db6f4a2e5e46e710ff?s=96&d=mm&r=g","url":"https:\/\/secure.gravatar.com\/avatar\/4e6a74466e4227c12d5306875d08720cdfce3572213740db6f4a2e5e46e710ff?s=96&d=mm&r=g","height":96,"width":96}},"publisher":{"@type":"Organization","name":"my4.cz","logo":{"@type":"ImageObject","@id":"\/logo.png","url":"\/logo.png","width":600,"height":60}},"image":{"@type":"ImageObject","@id":"https:\/\/www.my4.cz\/wp-content\/uploads\/plumber-g3b83602f2_640.jpg","url":"https:\/\/www.my4.cz\/wp-content\/uploads\/plumber-g3b83602f2_640.jpg","height":0,"width":0},"url":"https:\/\/www.my4.cz\/sikovny-remeslnik\/","about":["Online"],"wordCount":425,"articleBody":"       M\u00e1te r\u00e1di, kdy\u017e n\u011bkdo ud\u011bl\u00e1 n\u011bco za v\u00e1s? Asi hloup\u00e1 ot\u00e1zka, kdo by to nem\u011bl r\u00e1d? A je jedno, jestli se to t\u00fdk\u00e1 dom\u00e1c\u00edch prac\u00ed nebo n\u011bjak\u00e9 \u010dist\u011b pracovn\u00ed z\u00e1le\u017eitosti.S oblibou \u0159\u00edk\u00e1m, \u017ee sn\u00edm jak\u00e9koliv j\u00eddlo, pokud ho p\u0159iprav\u00ed n\u011bkdo jin\u00fd. Nejsem feministka, ale opravdu si mysl\u00edm, \u017ee \u017eeny jsou od p\u0159\u00edrody z\u0159ejm\u011b nastaveny jinak ne\u017e mu\u017ei a jsou v\u0161eobecnou zvyklost\u00ed nuceny starat se o mnohem v\u00edce v\u011bc\u00ed ne\u017e mu\u017ei. Mo\u017en\u00e1 vznikl tento probl\u00e9m v moment\u011b, kdy se \u017een\u00e1m povedlo pov\u00fd\u0161it se do pracovn\u00edch pozic na \u00farove\u0148 mu\u017e\u016f, ale mu\u017ei z\u016fstali na sv\u00e9 \u00farovni, pokud se t\u00fdk\u00e1 dom\u00e1c\u00edch prac\u00ed a p\u00e9\u010de o d\u011bti. Zkr\u00e1tka, \u017eeny si p\u0159ibraly pracovn\u00ed povinnosti, ale neubyly jim ty dom\u00e1c\u00ed, kter\u00e9 by mohli alespo\u0148 \u010d\u00e1ste\u010dn\u011b na sebe p\u0159evz\u00edt mu\u017ei.Ale vra\u0165me se k pr\u00e1ci, kterou ud\u011bl\u00e1 n\u011bkdo za n\u00e1s. Jsou v\u011bci, za kter\u00e9 si rad\u011bji zaplat\u00edme, ale jsme r\u00e1di, kdy\u017e n\u00e1m to uleh\u010d\u00ed \u017eivot. O \u010dem mluv\u00edme? I kdy\u017e nejste vysloven\u011b dom\u00e1c\u00ed kutil, tak je pravd\u011bpodobn\u00e9, \u017ee zvl\u00e1dnete n\u011bjakou men\u0161\u00ed opravu v byt\u011b, nap\u0159. prot\u00e9kaj\u00edc\u00ed z\u00e1chod nebo kapaj\u00edc\u00ed kohoutek, ale nen\u00ed jednodu\u0161\u0161\u00ed zavolat nonstop instalat\u00e9ra, kter\u00fd bude m\u00edt vhodn\u00e9 n\u00e1\u0159ad\u00ed a ud\u011bl\u00e1 pr\u00e1ci v polovi\u010dn\u00edm \u010dase? Stejn\u011b tak t\u0159eba mal\u00ed\u0159 pokoj\u016f, kter\u00fd vymaluje a neud\u011bl\u00e1 nepo\u0159\u00e1dek, jako by se pravd\u011bpodobn\u011b povedlo ud\u011blat v\u00e1m?Jednoduch\u00e9 pr\u00e1ce, ke kter\u00fdm ale pot\u0159ebujete n\u00e1\u0159ad\u00ed a jistou zru\u010dnost, budou odborn\u00edk\u016fm trvat polovi\u010dn\u00ed \u010das a budete m\u00edt z\u00e1ruku, \u017ee pr\u00e1ci odvedou kvalitn\u011b. Mnoho dom\u00e1cnost\u00ed si nech\u00e1v\u00e1 i p\u0159edv\u00e1no\u010dn\u00ed \u00faklid prov\u00e9zt firmou. Stejn\u011b tak \u010d\u00edm d\u00e1l v\u00edc vyu\u017e\u00edv\u00e1me cukr\u00e1\u0159ek, kter\u00e9 n\u00e1m nape\u010dou v\u00e1no\u010dn\u00ed cukrov\u00ed. Va\u017eme si lid\u00ed, kte\u0159\u00ed n\u00e1m uleh\u010duj\u00ed \u017eivot a \u0161et\u0159\u00ed n\u00e1m \u010das svou \u0161ikovnost\u00ed. Kvalitn\u00edho \u0159emesln\u00edka bychom si m\u011bli zapamatovat a kontakt na n\u011bj d\u00e1vat jen na\u0161im opravdov\u00fdm kamar\u00e1d\u016fm. A hlavn\u011b m\u00edt jeho telefonn\u00ed \u010d\u00edslo napsan\u00e9 velk\u00fdmi \u010d\u00edslicemi a p\u0159ilepen\u00e9 na ledni\u010dce. Nikdy nev\u00edte, kdy se bude hodit.                                                                                                                                                                                                                                                                                                                                                                                          3.9\/5 - (16 votes)        "},{"@context":"https:\/\/schema.org\/","@type":"BreadcrumbList","itemListElement":[{"@type":"ListItem","position":1,"name":"\u0160ikovn\u00fd \u0159emesln\u00edk","item":"https:\/\/www.my4.cz\/sikovny-remeslnik\/#breadcrumbitem"}]}]