[{"@context":"https:\/\/schema.org\/","@type":"Article","@id":"https:\/\/www.my4.cz\/navstivte-prehlidku-umeni-pokoje-2019\/#Article","mainEntityOfPage":"https:\/\/www.my4.cz\/navstivte-prehlidku-umeni-pokoje-2019\/","headline":"Nav\u0161tivte p\u0159ehl\u00eddku um\u011bn\u00ed Pokoje 2019","name":"Nav\u0161tivte p\u0159ehl\u00eddku um\u011bn\u00ed Pokoje 2019","description":"Pokud byste si r\u00e1di nad\u011blili n\u011bjak\u00fd kvalitn\u00ed kulturn\u00ed z\u00e1\u017eitek a m\u00e1te n\u00e1ladu na n\u011bjak\u00e9 sv\u011b\u017e\u00ed a mlad\u00e9 um\u011bn\u00ed, je pro V\u00e1s p\u0159ehl\u00eddka um\u011bn\u00ed Pokoje 2019 to prav\u00e9. Tato p\u0159ehl\u00eddka se kon\u00e1 ji\u017e osm\u00fdm rokem, m\u00e1 tak u\u017e celkem tradici a samoz\u0159ejm\u011b i ur\u010ditou \u00farove\u0148. Na t\u00e9to p\u0159ehl\u00eddce vystavuj\u00ed studenti r\u016fzn\u00fdch \u010desk\u00fdch vysok\u00fdch um\u011bleck\u00fdch \u0161kol a &hellip; ","datePublished":"2019-11-08","dateModified":"2023-05-01","author":{"@type":"Person","@id":"https:\/\/www.my4.cz\/author\/#Person","name":"","url":"https:\/\/www.my4.cz\/author\/","identifier":1,"image":{"@type":"ImageObject","@id":"https:\/\/secure.gravatar.com\/avatar\/4e6a74466e4227c12d5306875d08720cdfce3572213740db6f4a2e5e46e710ff?s=96&d=mm&r=g","url":"https:\/\/secure.gravatar.com\/avatar\/4e6a74466e4227c12d5306875d08720cdfce3572213740db6f4a2e5e46e710ff?s=96&d=mm&r=g","height":96,"width":96}},"publisher":{"@type":"Organization","name":"my4.cz","logo":{"@type":"ImageObject","@id":"\/logo.png","url":"\/logo.png","width":600,"height":60}},"image":{"@type":"ImageObject","@id":"https:\/\/www.my4.cz\/wp-content\/uploads\/img_a361299_w3090_t1574597684.jpg","url":"https:\/\/www.my4.cz\/wp-content\/uploads\/img_a361299_w3090_t1574597684.jpg","height":0,"width":0},"url":"https:\/\/www.my4.cz\/navstivte-prehlidku-umeni-pokoje-2019\/","about":["Z\u00e1bava"],"wordCount":455,"articleBody":"Pokud byste si r\u00e1di nad\u011blili n\u011bjak\u00fd kvalitn\u00ed kulturn\u00ed z\u00e1\u017eitek a m\u00e1te n\u00e1ladu na n\u011bjak\u00e9 sv\u011b\u017e\u00ed a mlad\u00e9 um\u011bn\u00ed, je pro V\u00e1s p\u0159ehl\u00eddka um\u011bn\u00ed Pokoje 2019 to prav\u00e9. Tato p\u0159ehl\u00eddka se kon\u00e1 ji\u017e osm\u00fdm rokem, m\u00e1 tak u\u017e celkem tradici a samoz\u0159ejm\u011b i ur\u010ditou \u00farove\u0148. Na t\u00e9to p\u0159ehl\u00eddce vystavuj\u00ed studenti r\u016fzn\u00fdch \u010desk\u00fdch vysok\u00fdch um\u011bleck\u00fdch \u0161kol a to jak samostatn\u011b, tak i kolektivn\u011b \/tedy kup\u0159\u00edkladu v r\u00e1mci spolupr\u00e1ce student\u016f z ur\u010dit\u00fdch ateli\u00e9r\u016f\/. Tohoto projektu se \u00fa\u010dastn\u00ed plno student\u016f \u010desk\u00fdch um\u011bleck\u00fdch \u0161kol jak p\u0159\u00edmo z Prahy \/kde se p\u0159ehl\u00eddka odehr\u00e1v\u00e1\/, tak i z r\u016fzn\u00fdch jin\u00fdch kout\u016f \u010ceska. Na v\u00fdstav\u011b tak m\u016f\u017eete naj\u00edt v\u0161ehochu\u0165 nejen r\u016fzn\u00fdch um\u011bleck\u00fdch ateli\u00e9r\u016f, ale i r\u016fzn\u00fdch \u0161kol, kter\u00e9 maj\u00ed ka\u017ed\u00e1 samoz\u0159ejm\u011b r\u016fzn\u00e9 p\u0159\u00edstupy.\t\tV p\u0159\u00edpad\u011b konkr\u00e9tn\u011b t\u00e9to v\u00fdstavy je t\u00e9ma \u201eSv\u00e9r\u00e1z \u2013 spolupr\u00e1ce \u2013 kur\u00e1torov\u00e1n\u00ed\u201c, tak\u017ee se m\u016f\u017eete t\u011b\u0161it na to, \u017ee v r\u00e1mci t\u00e9to p\u0159ehl\u00eddky uvid\u00edte plno origin\u00e1ln\u00edch, odv\u00e1\u017en\u00fdch, drz\u00fdch realizac\u00ed, kter\u00e9 minim\u00e1ln\u011b upoutaj\u00ed Va\u0161i pozornost. V r\u00e1mci p\u0159ehl\u00eddky se p\u0159edstav\u00ed plno student\u016f \u010di ateli\u00e9r\u016f z r\u016fzn\u00fdch \u010desk\u00fdch um\u011bleck\u00fdch vysok\u00fdch \u0161kol, kte\u0159\u00ed se v\u011bnuj\u00ed nap\u0159\u00edklad od\u011bvn\u00edmu designu, soch\u00e1m, fotografii, vizu\u00e1ln\u00edmu designu, p\u0159\u00edrodn\u00edm materi\u00e1l\u016fm, ilustraci, kresb\u011b a plno dal\u0161\u00edm um\u011bleck\u00fdm obor\u016fm. R\u016fznorod\u00fdch p\u0159\u00edstup\u016f tak je na t\u00e9to p\u0159ehl\u00eddce dostatek, u\u017e i jen z toho d\u016fvodu, \u017ee studenti se ne v\u017edy spol\u00e9hali jen na sv\u016fj \u201emate\u0159sk\u00fd\u201c obor, ale sna\u017eili se do sv\u00e9ho projektu zaintegrovat i plno r\u016fzn\u00fdch jin\u00fdch odv\u011btv\u00ed.\t\tP\u0159ehl\u00eddka um\u011bn\u00ed se kon\u00e1 v Desfoursk\u00e9m pal\u00e1ci v Praze, pobl\u00ed\u017e zast\u00e1vky metra Florenc. Dv\u011b patra tohoto pal\u00e1ce budou p\u0159\u00edmo p\u0159ecp\u00e1ny um\u011bn\u00edm. Av\u0161ak r\u016fzn\u011b poupraven\u00e9 pokoj\u00ed\u010dky nebudou to jedin\u00e9, na co se m\u016f\u017eete t\u011b\u0161it \u2013 v r\u00e1mci projektu jsou p\u0159ipraveny nap\u0159\u00edklad i r\u016fzn\u00e9 p\u0159edn\u00e1\u0161ky, nap\u0159\u00edklad o spolupr\u00e1ci v r\u00e1mci um\u011bn\u00ed, p\u0159edn\u00e1\u0161ka \u201eJak hacknout um\u011bn\u00ed\u201c, komentovan\u00e1 prohl\u00eddka, kur\u00e1torsk\u00fd meeting a komentovan\u00e1 prohl\u00eddka pro st\u0159edn\u00ed \u0161koly. Ze v\u0161ech projekt\u016f tak\u00e9 bude vybr\u00e1n jeden, kter\u00fd bude nominovan\u00fd na cenu odborn\u00e9 poroty.                                                                                                                                                                                                                                                                                                                                                                                        3.8\/5 - (12 votes)        "},{"@context":"https:\/\/schema.org\/","@type":"BreadcrumbList","itemListElement":[{"@type":"ListItem","position":1,"name":"Nav\u0161tivte p\u0159ehl\u00eddku um\u011bn\u00ed Pokoje 2019","item":"https:\/\/www.my4.cz\/navstivte-prehlidku-umeni-pokoje-2019\/#breadcrumbitem"}]}]