[{"@context":"https:\/\/schema.org\/","@type":"Article","@id":"https:\/\/www.my4.cz\/kdy-se-vypravit-na-dovolenou-do-ceskych-budejovic\/#Article","mainEntityOfPage":"https:\/\/www.my4.cz\/kdy-se-vypravit-na-dovolenou-do-ceskych-budejovic\/","headline":"Kdy se vypravit na dovolenou do \u010cesk\u00fdch Bud\u011bjovic","name":"Kdy se vypravit na dovolenou do \u010cesk\u00fdch Bud\u011bjovic","description":"Cht\u011bli byste pro\u017e\u00edt b\u00e1je\u010dnou dovolenou v tuzemsku, abyste se vyhnuli stresuj\u00edc\u00edm situac\u00edm, kter\u00e9 panuj\u00ed v n\u011bkter\u00fdch p\u0159\u00edmo\u0159sk\u00fdch letovisc\u00edch, kde je hlava na hlav\u011b a nem\u00e1te tu \u017e\u00e1dn\u00e9 soukrom\u00ed? Pak byste si moli zajistit ubytov\u00e1n\u00ed v \u010cesk\u00fdch Bud\u011bjovic\u00edch a okol\u00ed, odkud lze uspo\u0159\u00e1dat celou \u0159adu fantastick\u00fdch v\u00fdlet\u016f do okoln\u00ed p\u0159\u00edrody, a to nejl\u00e9pe mimo hlavn\u00ed turistickou &hellip; ","datePublished":"2025-04-03","dateModified":"2025-04-03","author":{"@type":"Person","@id":"https:\/\/www.my4.cz\/author\/#Person","name":"","url":"https:\/\/www.my4.cz\/author\/","identifier":1,"image":{"@type":"ImageObject","@id":"https:\/\/secure.gravatar.com\/avatar\/4e6a74466e4227c12d5306875d08720cdfce3572213740db6f4a2e5e46e710ff?s=96&d=mm&r=g","url":"https:\/\/secure.gravatar.com\/avatar\/4e6a74466e4227c12d5306875d08720cdfce3572213740db6f4a2e5e46e710ff?s=96&d=mm&r=g","height":96,"width":96}},"publisher":{"@type":"Organization","name":"my4.cz","logo":{"@type":"ImageObject","@id":"\/logo.png","url":"\/logo.png","width":600,"height":60}},"image":{"@type":"ImageObject","@id":"https:\/\/www.my4.cz\/wp-content\/uploads\/ceske-budejovice-6470993_640_5.jpg","url":"https:\/\/www.my4.cz\/wp-content\/uploads\/ceske-budejovice-6470993_640_5.jpg","height":0,"width":0},"url":"https:\/\/www.my4.cz\/kdy-se-vypravit-na-dovolenou-do-ceskych-budejovic\/","about":["Podnik\u00e1n\u00ed"],"wordCount":406,"articleBody":"        Cht\u011bli byste pro\u017e\u00edt b\u00e1je\u010dnou dovolenou v tuzemsku, abyste se vyhnuli stresuj\u00edc\u00edm situac\u00edm, kter\u00e9 panuj\u00ed v n\u011bkter\u00fdch p\u0159\u00edmo\u0159sk\u00fdch letovisc\u00edch, kde je hlava na hlav\u011b a nem\u00e1te tu \u017e\u00e1dn\u00e9 soukrom\u00ed? Pak byste si moli zajistit ubytov\u00e1n\u00ed v \u010cesk\u00fdch Bud\u011bjovic\u00edch a okol\u00ed, odkud lze uspo\u0159\u00e1dat celou \u0159adu fantastick\u00fdch v\u00fdlet\u016f do okoln\u00ed p\u0159\u00edrody, a to nejl\u00e9pe mimo hlavn\u00ed turistickou sez\u00f3nu. Dovolen\u00e1 na konci \u010dervna \u2013 na konci \u010dervna sice je\u0161t\u011b neza\u010d\u00edn\u00e1 hlavn\u00ed letn\u00ed sez\u00f3na, ov\u0161em Slunce je na obloze nejd\u00e9le z cel\u00e9ho roku. Vyplat\u00ed se toho vyu\u017e\u00edt a nesed\u011bt doma na zadku, b\u011b\u017ete ven do p\u0159\u00edrody, u\u017eijte slune\u010dn\u00ed energie, kter\u00e1 je v\u00e1m k dispozici, a kter\u00e1 tak\u00e9 organismus nab\u00edj\u00ed a regeneruje. Na\u0161e zem\u011b se nach\u00e1z\u00ed v m\u00edrn\u00e9m p\u00e1smu, kdy je v zim\u011b slune\u010dn\u00ed svit velmi omezen\u00fd, a to tak\u00e9 zvy\u0161uje deficit vitam\u00ednu D v organismu. Na konci \u010dervna tedy m\u016f\u017eete pochytat slune\u010dn\u00edho vitam\u00ednu mnohem v\u00edc, ne\u017e kdy jindy.T\u0159ebo\u0148sko, \u010ceskokrumlovsko, \u0160umava \u2013 \u010cesk\u00e9 Bud\u011bjovice jsou v\u00fdhodn\u00fdm v\u00fdchoz\u00edm bodem k v\u00fdlet\u016fm do t\u011bchto jiho\u010desk\u00fdch region\u016f. Jsou to turisticky atraktivn\u00ed m\u00edsta, kter\u00e1 jsou hojn\u011b nav\u0161t\u011bvov\u00e1na zejm\u00e9na v \u010dervenci a v srpnu, ov\u0161em vyprav\u00edte-li se tam ke konci \u010dervna, m\u011bli byste tu m\u00edt v\u011bt\u0161\u00ed klid. P\u0159itom je \u010derven pr\u00e1v\u011b pro v\u00fdlety do p\u0159\u00edrody ji\u017en\u00edch \u010cech naprosto ide\u00e1ln\u00ed vzhledem k d\u00e9lce slune\u010dn\u00edho svitu a p\u0159\u00edjemn\u00e9mu po\u010das\u00ed, kdy je\u0161t\u011b neb\u00fdvaj\u00ed tropick\u00e1 vedra, ale sp\u00ed\u0161e dozvuky jara.K v\u00fdlet\u016fm autem nebo na kole z \u010cesk\u00fdch Bud\u011bjovic bychom v\u00e1m mohli doporu\u010dit Nad\u011bjskou rybni\u010dn\u00ed soustavy, P\u0159\u00edrodn\u00ed rezervaci Star\u00e1 \u0159eka, \u00fadol\u00ed Vltavy mezi Vy\u0161\u0161\u00edm Brodem a z\u0159\u00edceninou hradu D\u00edv\u010d\u00ed K\u00e1men, p\u0159ehradu Lipno, \u010certovy proudy a \u010certovu st\u011bnu, \u0161umavskou \u0159\u00ed\u010dku Vydru, prales Boub\u00edn, Kubovu Hu\u0165, Jezern\u00ed sla\u0165, T\u0159\u00edstoli\u010dn\u00edk, \u010certovo jezero, rozhlednu Panc\u00ed\u0159, Modravu a Kvildu. Dal\u0161\u00edm zaj\u00edmav\u00fdm m\u00edstem k v\u00fdlet\u016fm je Blansk\u00fd les s nejvy\u0161\u0161\u00ed horou Kle\u0165, kter\u00e1 je z \u010cesk\u00fdch Bud\u011bjovic na dohled.                                                                                                                                                                                                                                                                                                                                                                                          4.4\/5 - (7 votes)        "},{"@context":"https:\/\/schema.org\/","@type":"BreadcrumbList","itemListElement":[{"@type":"ListItem","position":1,"name":"Kdy se vypravit na dovolenou do \u010cesk\u00fdch Bud\u011bjovic","item":"https:\/\/www.my4.cz\/kdy-se-vypravit-na-dovolenou-do-ceskych-budejovic\/#breadcrumbitem"}]}]