[{"@context":"https:\/\/schema.org\/","@type":"Article","@id":"https:\/\/www.my4.cz\/elegantni-a-odolna-karafa-na-vodu\/#Article","mainEntityOfPage":"https:\/\/www.my4.cz\/elegantni-a-odolna-karafa-na-vodu\/","headline":"Elegantn\u00ed a odoln\u00e1 karafa na vodu","name":"Elegantn\u00ed a odoln\u00e1 karafa na vodu","description":"N\u00e1pojov\u00e9 sklenice jsou p\u0159edm\u011btem, kter\u00fd mnohdy v dom\u00e1cnosti \u010di p\u0159i cest\u011b do pr\u00e1ce, na v\u00fdlet, dlouho nevydr\u017e\u00ed. V tomto p\u0159\u00edpad\u011b adekv\u00e1tn\u00ed \u0159e\u0161en\u00ed nab\u00edz\u00ed karafa na vodu s do\u017eivotn\u00ed z\u00e1rukou! Z oby\u010dejn\u00e9ho pit\u00ed ud\u011bl\u00e1 karafa na vodu nev\u0161edn\u00ed po\u017eitek. V\u0161ak je zn\u00e1mo, \u017ee pit\u00ed ze skla je nejzdrav\u011bj\u0161\u00ed variantou. P\u0159ednost\u00ed je, \u017ee si lze zvolit z &hellip; ","datePublished":"2018-06-16","dateModified":"2023-05-01","author":{"@type":"Person","@id":"https:\/\/www.my4.cz\/author\/#Person","name":"","url":"https:\/\/www.my4.cz\/author\/","identifier":1,"image":{"@type":"ImageObject","@id":"https:\/\/secure.gravatar.com\/avatar\/4e6a74466e4227c12d5306875d08720cdfce3572213740db6f4a2e5e46e710ff?s=96&d=mm&r=g","url":"https:\/\/secure.gravatar.com\/avatar\/4e6a74466e4227c12d5306875d08720cdfce3572213740db6f4a2e5e46e710ff?s=96&d=mm&r=g","height":96,"width":96}},"publisher":{"@type":"Organization","name":"my4.cz","logo":{"@type":"ImageObject","@id":"\/logo.png","url":"\/logo.png","width":600,"height":60}},"image":{"@type":"ImageObject","@id":"https:\/\/www.my4.cz\/wp-content\/uploads\/img_a319125_w2131_t1529999762.jpg","url":"https:\/\/www.my4.cz\/wp-content\/uploads\/img_a319125_w2131_t1529999762.jpg","height":0,"width":0},"url":"https:\/\/www.my4.cz\/elegantni-a-odolna-karafa-na-vodu\/","about":["N\u00e1kupy"],"wordCount":429,"articleBody":" N\u00e1pojov\u00e9 sklenice jsou p\u0159edm\u011btem, kter\u00fd mnohdy v dom\u00e1cnosti \u010di p\u0159i cest\u011b do pr\u00e1ce, na v\u00fdlet, dlouho nevydr\u017e\u00ed. V tomto p\u0159\u00edpad\u011b adekv\u00e1tn\u00ed \u0159e\u0161en\u00ed nab\u00edz\u00ed karafa na vodu s do\u017eivotn\u00ed z\u00e1rukou! Z oby\u010dejn\u00e9ho pit\u00ed ud\u011bl\u00e1 karafa na vodu nev\u0161edn\u00ed po\u017eitek. V\u0161ak je zn\u00e1mo, \u017ee pit\u00ed ze skla je nejzdrav\u011bj\u0161\u00ed variantou. P\u0159ednost\u00ed je, \u017ee si lze zvolit z n\u011bkolika velikost\u00ed, barevn\u00e9ho uz\u00e1v\u011bru apod. Mo\u017enost pou\u017e\u00edt nejen na vodu, ale tak\u00e9 na jin\u00e9 chlazen\u00e9 n\u00e1poje, na ledov\u00fd \u010daj, limon\u00e1du apod.Efektivn\u00ed n\u00e1doba pro tepl\u00e9 i studen\u00e9 n\u00e1poje V\u00fdrobek, kter\u00fd je ur\u010den i pro tepl\u00e9 n\u00e1poje. Rovn\u011b\u017e pro lep\u0161\u00ed osv\u011b\u017een\u00ed m\u016f\u017eete do vody p\u0159idat kousky \u010derstv\u00e9ho ovoce nebo pro maxim\u00e1ln\u00ed chladic\u00ed efekt sal\u00e1tovou okurku. Jedn\u00e1 se o velmi osv\u011b\u017euj\u00edc\u00ed a zdrav\u00e9 pit\u00ed. N\u00e1dobu m\u011bjte na viditeln\u00e9m m\u00edst\u011b, kdy tak nezapomenete dodr\u017eovat pitn\u00fd re\u017eim. V\u00fdrobek je ur\u010den pro ka\u017ed\u00e9ho, kdo chce m\u00edt k dispozici neust\u00e1le pot\u0159ebnou z\u00e1sobu tekutin v pr\u00e1ci, ve \u0161kole, doma, ale tak\u00e9 na cest\u011b do m\u011bsta, do pr\u00e1ce, v t\u011blocvi\u010dn\u011b apod. Volba mo\u017enosti barevn\u00e9ho uz\u00e1v\u011bru je pot\u011b\u0161uj\u00edc\u00ed z\u00e1le\u017eitost\u00ed a nejen pro ty, kdo maj\u00ed r\u00e1di barvy. M\u016f\u017eete si zvolit uz\u00e1v\u011br na z\u00e1klad\u011b va\u0161\u00ed obl\u00edben\u00e9 barvy nebo zvolit barvu, kter\u00e1 bude ladit se za\u0159\u00edzen\u00edm va\u0161\u00ed dom\u00e1cnosti nebo s kabelkou \u010di batohem. V\u0161e je re\u00e1ln\u00e9. Pro\u010d vybrat sklen\u011bnou n\u00e1dobu? Jedn\u00e1 se o ekologicky \u0161etrn\u00fd a \u010desk\u00fd v\u00fdrobek. N\u00e1doba je z velmi odoln\u00e9ho a kvalitn\u00edho materi\u00e1lu. Velmi lehk\u00e1, tud\u00ed\u017e lze bez probl\u00e9mu nosit i v kabelce. Interesantn\u00ed a praktick\u00fd design. Velmi snadn\u00e1 \u00fadr\u017eba. Dob\u0159e se \u010dist\u00ed i d\u00edky tomu, \u017ee je bez jak\u00fdchkoliv z\u00e1vit\u016f \u010di z\u00e1hyb\u016f. V\u00fdrobek, kter\u00fd je \u0161etrn\u00fd k \u017eivotn\u00edmu prost\u0159ed\u00ed.P\u0159ednost\u00ed je do\u017eivotn\u00ed z\u00e1ruka Jak to v\u0161ak funguje? Zcela jednodu\u0161e. Pokud by se v\u00e1m stalo a n\u00e1doba se rozbila, posta\u010d\u00ed prost\u0159ednictv\u00edm online formul\u00e1\u0159e zaslat fotografii rozbit\u00e9 l\u00e1hve a doklad o koupi. Po uhrazen\u00ed \u010d\u00e1stky za dopravu a baln\u00e9, v\u00e1m bude zasl\u00e1na nov\u00e1 l\u00e1hev prost\u0159ednictv\u00edm dopravce na nejbli\u017e\u0161\u00ed pobo\u010dku va\u0161eho bydli\u0161t\u011b \u010di pracovi\u0161t\u011b.                                                                                                                                                                                                                                                                                                                                                                                        4.1\/5 - (7 votes)        "},{"@context":"https:\/\/schema.org\/","@type":"BreadcrumbList","itemListElement":[{"@type":"ListItem","position":1,"name":"Elegantn\u00ed a odoln\u00e1 karafa na vodu","item":"https:\/\/www.my4.cz\/elegantni-a-odolna-karafa-na-vodu\/#breadcrumbitem"}]}]